{"id":2142,"date":"2019-08-30T16:24:24","date_gmt":"2019-08-30T16:24:24","guid":{"rendered":"https:\/\/macrae.ca\/?p=2142"},"modified":"2019-08-30T16:26:36","modified_gmt":"2019-08-30T16:26:36","slug":"marques-de-commerce-3","status":"publish","type":"post","link":"https:\/\/macrae.ca\/fr\/2019\/08\/30\/marques-de-commerce-3\/","title":{"rendered":"Marques de commerce"},"content":{"rendered":"<p>Le nouveau r\u00e9gime de marques de commerce canadien est maintenant bien en place! Bien que la transition ait \u00e9t\u00e9 une p\u00e9riode tr\u00e8s occup\u00e9e pour les cabinets de PI canadiens, \u00a0nous nous adaptons bien au nouveau syst\u00e8me apr\u00e8s de nombreux webinaires, sessions d\u2019information et une multitude d&rsquo;avis de pratiques publi\u00e9s par l&rsquo;OPIC le 17 juin.<\/p>\n<p>&nbsp;<\/p>\n<p>Comme vous vous en souvenez peut-\u00eatre, le d\u00e9p\u00f4t d&rsquo;une marque a \u00e9t\u00e9 simplifi\u00e9, car aucune base (telle que l\u2019usage ou l&rsquo;intention d\u2019usage) n&rsquo;est requise, alors que le classement des produits et services est obligatoire et que les frais officiels de d\u00e9p\u00f4t sont \u00e9galement bas\u00e9es sur le nombre de classes. Nous rappelons \u00e9galement \u00e0 nos clients qu&rsquo;aucune d\u00e9claration d&rsquo;usage n&rsquo;est requise pour finaliser l&rsquo;enregistrement et que les frais d&rsquo;enregistrement officiels sont d\u00e9sormais int\u00e9gr\u00e9s dans les frais de d\u00e9p\u00f4t officiels.<\/p>\n<p>&nbsp;<\/p>\n<p>Un domaine qui reste probl\u00e9matique est l\u2019obligation de classer les enregistrements en cours de renouvellement. \u00c9tant donn\u00e9 que les enregistrements en cours de renouvellement ont \u00e9t\u00e9 enregistr\u00e9s il y a au moins 15 ans, aucun d&rsquo;entre eux n&rsquo;a \u00e9t\u00e9 class\u00e9 \u00e9tant donn\u00e9 que la classification volontaire n&rsquo;a \u00e9t\u00e9 disponible que vers la fin de 2015. Plusieurs enregistrements n\u00e9cessitent beaucoup de r\u00e9flexion pour d\u00e9m\u00ealer les produits et services appartenant \u00e0 des classes diff\u00e9rentes, et certains produits et services peuvent m\u00eame appartenir \u00e0 plusieurs classes. Il faut \u00e9galement plusieurs mois pour que nos demandes de classifications soient trait\u00e9s. Nous travaillons tr\u00e8s \u00e9troitement avec nos clients \u00e0 cet \u00e9gard. Nous n&rsquo;avons pas encore vu le plein effet des nouvelles bases du refus en examen de marques.<\/p>\n<p>&nbsp;<\/p>\n<p>Veuillez nous faire savoir si vous avez des questions sur le nouveau r\u00e9gime ou sur les cons\u00e9quences que cela pourrait avoir pour vos droits existants.<\/p>\n","protected":false},"excerpt":{"rendered":"<p>Le nouveau r\u00e9gime de marques de commerce canadien est maintenant bien en place! Bien que la transition ait \u00e9t\u00e9 une p\u00e9riode tr\u00e8s occup\u00e9e pour les cabinets de PI canadiens, \u00a0nous nous adaptons bien au nouveau syst\u00e8me apr\u00e8s de nombreux webinaires, sessions d\u2019information et une multitude d&rsquo;avis de pratiques publi\u00e9s par l&rsquo;OPIC le 17 juin. &nbsp; <a href=\"https:\/\/macrae.ca\/fr\/2019\/08\/30\/marques-de-commerce-3\/\"> [&#8230;]<\/a><\/p>\n","protected":false},"author":5,"featured_media":2137,"comment_status":"open","ping_status":"open","sticky":false,"template":"","format":"standard","meta":{"_exactmetrics_skip_tracking":false,"_exactmetrics_sitenote_active":false,"_exactmetrics_sitenote_note":"","_exactmetrics_sitenote_category":0,"footnotes":""},"categories":[56],"tags":[],"class_list":["post-2142","post","type-post","status-publish","format-standard","has-post-thumbnail","hentry","category-marques-de-commerce"],"_links":{"self":[{"href":"https:\/\/macrae.ca\/fr\/wp-json\/wp\/v2\/posts\/2142\/"}],"collection":[{"href":"https:\/\/macrae.ca\/fr\/wp-json\/wp\/v2\/posts\/"}],"about":[{"href":"https:\/\/macrae.ca\/fr\/wp-json\/wp\/v2\/types\/post\/"}],"author":[{"embeddable":true,"href":"https:\/\/macrae.ca\/fr\/wp-json\/wp\/v2\/users\/5\/"}],"replies":[{"embeddable":true,"href":"https:\/\/macrae.ca\/fr\/wp-json\/wp\/v2\/comments\/?post=2142"}],"version-history":[{"count":2,"href":"https:\/\/macrae.ca\/fr\/wp-json\/wp\/v2\/posts\/2142\/revisions\/"}],"predecessor-version":[{"id":2144,"href":"https:\/\/macrae.ca\/fr\/wp-json\/wp\/v2\/posts\/2142\/revisions\/2144\/"}],"wp:featuredmedia":[{"embeddable":true,"href":"https:\/\/macrae.ca\/fr\/wp-json\/wp\/v2\/media\/2137\/"}],"wp:attachment":[{"href":"https:\/\/macrae.ca\/fr\/wp-json\/wp\/v2\/media\/?parent=2142"}],"wp:term":[{"taxonomy":"category","embeddable":true,"href":"https:\/\/macrae.ca\/fr\/wp-json\/wp\/v2\/categories\/?post=2142"},{"taxonomy":"post_tag","embeddable":true,"href":"https:\/\/macrae.ca\/fr\/wp-json\/wp\/v2\/tags\/?post=2142"}],"curies":[{"name":"wp","href":"https:\/\/api.w.org\/{rel}","templated":true}]}}