{"id":2113,"date":"2018-11-22T23:48:06","date_gmt":"2018-11-22T23:48:06","guid":{"rendered":"https:\/\/macrae.ca\/?p=2113"},"modified":"2018-11-22T23:48:06","modified_gmt":"2018-11-22T23:48:06","slug":"marques-de-commerce-2","status":"publish","type":"post","link":"https:\/\/macrae.ca\/fr\/2018\/11\/22\/marques-de-commerce-2\/","title":{"rendered":"Marques de commerce"},"content":{"rendered":"<div class=\"fusion-fullwidth fullwidth-box fusion-builder-row-1 nonhundred-percent-fullwidth non-hundred-percent-height-scrolling\" style=\"--awb-border-radius-top-left:0px;--awb-border-radius-top-right:0px;--awb-border-radius-bottom-right:0px;--awb-border-radius-bottom-left:0px;--awb-flex-wrap:wrap;\" ><div class=\"fusion-builder-row fusion-row\"><div class=\"fusion-layout-column fusion_builder_column fusion-builder-column-0 fusion_builder_column_1_1 1_1 fusion-one-full fusion-column-first fusion-column-last\" style=\"--awb-bg-size:cover;\"><div class=\"fusion-column-wrapper fusion-flex-column-wrapper-legacy\"><div class=\"fusion-text fusion-text-1\"><h2>Nouveau syst\u00e8me de marques de commerce au Canada<\/h2>\n<p>Le 14 novembre, l&rsquo;OPIC a \u00e9mis un avis confirmant que l&rsquo;entr\u00e9e en vigueur de la nouvelle loi et des nouvelles r\u00e8gles modifiant le syst\u00e8me de marques de commerce au Canada sera le <strong><u>17 juin 2019.<\/u><\/strong> Le changement le plus important est l&rsquo;\u00e9limination de l&rsquo;exigence d\u2019une d\u00e9claration d&rsquo;usage pour obtenir un enregistrement pour une marque bas\u00e9e sur l\u2019intention d\u2019usage.<\/p>\n<p>\u00c0 cet \u00e9gard, toute demande n\u00e9cessitant une d\u00e9claration d\u2019usage avant le 17 juin 2019 pourrait tout simplement \u00eatre prolong\u00e9e jusqu&rsquo;\u00e0 cette date en autant qu\u2019une prologation de d\u00e9lai suppl\u00e9mentaire est encore disponible, et celles dues apr\u00e8s le 17 juin 2019 ne n\u00e9cessiteraient pas de d\u00e9claration d\u2019utilisation et peuvent \u00eatre automatiquement enregistr\u00e9e \u00e0 compter du 17 juin 2019, moyennant le paiement du droit officiel de 200 $, conform\u00e9ment aux dispositions transitoires.<\/p>\n<p>Il est important de noter que, m\u00eame si l\u2019utilisation ou l\u2019usage ne sont plus n\u00e9cessaires pour obtenir un enregistrement, l\u2019usage d\u2019une maque demeurera n\u00e9cessaire conserver ses droits, notamment pour se d\u00e9fendre contre une proc\u00e9dure en annulation sommaire et pour prouver le droit \u00e0 une marque dans les proc\u00e9dures d\u2019opposition et de d\u00e9fense g\u00e9n\u00e9rale des droits.<\/p>\n<p>Les nouveaux frais de d\u00e9p\u00f4t \u00e9lectronique \u00e0 compter du 17 juin seront de 330,00 $CA pour la premi\u00e8re classe et de 100,00 $CA pour chaque classe suivante. Nous publierons une grille tarifaire r\u00e9vis\u00e9e qui sera harmonis\u00e9e avec le syst\u00e8me de classification de l\u2019OPIC. Les frais officiels de renouvellement \u00e9lectronique seront de 400 $CA pour la premi\u00e8re classe et de 125 $CA pour chaque classe subs\u00e9quente.<\/p>\n<p><strong><u>Les autres modifications importantes \u00e0 noter sont les suivantes:<\/u><\/strong><\/p>\n<ul>\n<li>Aucune exigence de sp\u00e9cifier qu&rsquo;une marque est utilis\u00e9e ou en intention d\u2019usage au Canada lors du d\u00e9p\u00f4t;<\/li>\n<li>Les revendications d&rsquo;utilisation \u00e0 l&rsquo;\u00e9tranger et d&rsquo;enregistrement ne sont plus accept\u00e9es, mais la priorit\u00e9 selon la convention de Paris peut toujours \u00eatre revendiqu\u00e9e.<\/li>\n<li>la classification obligatoire des produits et services (par opposition \u00e0 une classifition volontaire \u00e0 l&rsquo;heure actuelle) lors du d\u00e9p\u00f4t et du renouvellement;<\/li>\n<li>r\u00e9duction de la dur\u00e9e du renouvellement de 15 ans \u00e0 10 ans;<\/li>\n<li>Possibilit\u00e9 d&rsquo;avoir des demandes divisionnaires permettant \u00e0 une demande de s&rsquo;enregistrer en liaison avec certaines classes uniquement tout en maintenant les autres en poursuite;<\/li>\n<li>adh\u00e9sion au protocole de Madrid;<\/li>\n<li>l&rsquo;ajout d&rsquo;un motif de \u00abmauvaise foi\u00bb en opposition pour compenser la suppression des motifs relatifs \u00e0 l&rsquo;utilisation d\u00e9fectueuse et aux revendications d&rsquo;intention d&rsquo;utilisation;<\/li>\n<li>permettre des demandes pour de nombreuses formes de marques non-traditionnelles, telles que des images en mouvement et des hologrammes.<\/li>\n<li>Les marques tridimensionnelles seront toujours autoris\u00e9es mais n\u00e9cessiteront la preuve du caract\u00e8re distinctif acquis pour \u00eatre approuv\u00e9es.<\/li>\n<\/ul>\n<p>Le temps de traitement actuel d&rsquo;une premi\u00e8re action approche de 14 mois et semble augmenter. Nous anticipons que ce d\u00e9lai va accro\u00eetre si l\u2019adh\u00e9sion au protocol de Madrid r\u00e9sulte en un plus grand nombre de demandes.<\/p>\n<p><strong><u>SUGGESTIONS POUR L&rsquo;INTERVALLE ENTRE MAINTENANT ET \u00c0 L&rsquo;ENTR\u00c9E EN VIGUEUR:<\/u><\/strong><\/p>\n<ul>\n<li>obtenir des d\u00e9lais suppl\u00e9mentaires pour repousser la date d&rsquo;\u00e9ch\u00e9ance apr\u00e8s le 17 juin 2019 dans la mesure du possible pour les demandes admises que ne sont pas encore utilis\u00e9es au Canada;<\/li>\n<li>Si nous en sommes \u00e0 la derni\u00e8re prologations pour une d\u00e9claration d\u2019usage \u00a0qui ne se rendra pas jusqu&rsquo;au 17 juin 2019 et que la marque n&rsquo;est pas utilis\u00e9e, nous devrions proc\u00e9der \u00e0 une demande de remplacement d\u00e8s que possible.<\/li>\n<li>D\u00e9posez maintenant toutes les demandes multi-classes pour b\u00e9n\u00e9ficier du montant officiel fixe de 250 $ jusqu&rsquo;au 17 juin 2019;<\/li>\n<li>Renouveler tous les enregistrement dus dans les 12 prochains mois sous le r\u00e9gime actuel pour b\u00e9n\u00e9ficier du tarif fixe de 300 $;<\/li>\n<li>Reconsid\u00e9rer l&rsquo;ajout d&rsquo;une base d\u2019usage et d\u2019enregistrement au pays d\u2019origine pour toute nouvelle demande, \u00e9tant donn\u00e9 que cette base suppl\u00e9mentaire n&rsquo;aura plus d&rsquo;avantage au stade de de l\u2019admission et qu&rsquo;elle devra probablement \u00eatre supprim\u00e9e au cours de la poursuite de la demande.<\/li>\n<\/ul>\n<p>Jusqu&rsquo;\u00e0 ce que le nouveau syst\u00e8me entre en vigueur, nous devrons encore pr\u00e9ciser si les marques sont utilis\u00e9es au Canada ou si elles sont destin\u00e9es \u00e0 l&rsquo;\u00eatre pour les nouvelles demandes.<\/p>\n<p><a href=\"https:\/\/macrae.ca\/fr\/contactez-nous\/\">Contactez-nous<\/a> si vous avez des questions sp\u00e9cifiques ou des pr\u00e9occupations. Nous ferons tout ce qui est possible pour que nous s\u00e9lectionnions les meilleures options pour nos clients pendant cet intervalle entre l&rsquo;ancien et le nouveau syst\u00e8me.<\/p>\n<p>Cordialement,<\/p>\n<p>MacRae &amp; Co.<\/p>\n<\/div><div class=\"fusion-sep-clear\"><\/div><div class=\"fusion-separator fusion-full-width-sep\" style=\"margin-left: auto;margin-right: auto;margin-top:12px;margin-bottom:12px;width:100%;\"><\/div><div class=\"fusion-sep-clear\"><\/div><div class=\"fusion-clearfix\"><\/div><\/div><\/div><\/div><\/div>\n","protected":false},"excerpt":{"rendered":"","protected":false},"author":1,"featured_media":2115,"comment_status":"open","ping_status":"open","sticky":false,"template":"","format":"standard","meta":{"_exactmetrics_skip_tracking":false,"_exactmetrics_sitenote_active":false,"_exactmetrics_sitenote_note":"","_exactmetrics_sitenote_category":0,"footnotes":""},"categories":[56],"tags":[],"class_list":["post-2113","post","type-post","status-publish","format-standard","has-post-thumbnail","hentry","category-marques-de-commerce"],"_links":{"self":[{"href":"https:\/\/macrae.ca\/fr\/wp-json\/wp\/v2\/posts\/2113\/"}],"collection":[{"href":"https:\/\/macrae.ca\/fr\/wp-json\/wp\/v2\/posts\/"}],"about":[{"href":"https:\/\/macrae.ca\/fr\/wp-json\/wp\/v2\/types\/post\/"}],"author":[{"embeddable":true,"href":"https:\/\/macrae.ca\/fr\/wp-json\/wp\/v2\/users\/1\/"}],"replies":[{"embeddable":true,"href":"https:\/\/macrae.ca\/fr\/wp-json\/wp\/v2\/comments\/?post=2113"}],"version-history":[{"count":1,"href":"https:\/\/macrae.ca\/fr\/wp-json\/wp\/v2\/posts\/2113\/revisions\/"}],"predecessor-version":[{"id":2117,"href":"https:\/\/macrae.ca\/fr\/wp-json\/wp\/v2\/posts\/2113\/revisions\/2117\/"}],"wp:featuredmedia":[{"embeddable":true,"href":"https:\/\/macrae.ca\/fr\/wp-json\/wp\/v2\/media\/2115\/"}],"wp:attachment":[{"href":"https:\/\/macrae.ca\/fr\/wp-json\/wp\/v2\/media\/?parent=2113"}],"wp:term":[{"taxonomy":"category","embeddable":true,"href":"https:\/\/macrae.ca\/fr\/wp-json\/wp\/v2\/categories\/?post=2113"},{"taxonomy":"post_tag","embeddable":true,"href":"https:\/\/macrae.ca\/fr\/wp-json\/wp\/v2\/tags\/?post=2113"}],"curies":[{"name":"wp","href":"https:\/\/api.w.org\/{rel}","templated":true}]}}