{"id":2010,"date":"2018-08-06T11:59:22","date_gmt":"2018-08-06T11:59:22","guid":{"rendered":"https:\/\/macrae.ca\/2018\/08\/06\/brevets\/"},"modified":"2018-11-22T23:55:35","modified_gmt":"2018-11-22T23:55:35","slug":"brevets","status":"publish","type":"post","link":"https:\/\/macrae.ca\/fr\/2018\/08\/06\/brevets\/","title":{"rendered":"Brevets"},"content":{"rendered":"<div class=\"fusion-fullwidth fullwidth-box fusion-builder-row-1 nonhundred-percent-fullwidth non-hundred-percent-height-scrolling\" style=\"--awb-border-radius-top-left:0px;--awb-border-radius-top-right:0px;--awb-border-radius-bottom-right:0px;--awb-border-radius-bottom-left:0px;--awb-flex-wrap:wrap;\" ><div class=\"fusion-builder-row fusion-row\"><div class=\"fusion-layout-column fusion_builder_column fusion-builder-column-0 fusion_builder_column_1_1 1_1 fusion-one-full fusion-column-first fusion-column-last\" style=\"--awb-bg-size:cover;\"><div class=\"fusion-column-wrapper fusion-flex-column-wrapper-legacy\"><div class=\"fusion-text fusion-text-1\"><h2>Mises \u00e0 jour de la loi et des r\u00e8gles sur les brevets<\/h2>\n<p>\u00c0 l&rsquo;instar des mises \u00e0 jour des marques de commerce, le gouvernement canadien a mis au point des modifications \u00e0 la Loi sur les brevets et \u00e0 ses r\u00e8gles. Ces mises \u00e0 jour devraient \u00e9galement \u00eatre mises en \u0153uvre en 2019 et la date exacte de mise en \u0153uvre est inconnue. Plus de d\u00e9tails suivront.<\/p>\n<\/div><div class=\"fusion-clearfix\"><\/div><\/div><\/div><\/div><\/div>\n","protected":false},"excerpt":{"rendered":"","protected":false},"author":1,"featured_media":2119,"comment_status":"open","ping_status":"open","sticky":false,"template":"","format":"standard","meta":{"_exactmetrics_skip_tracking":false,"_exactmetrics_sitenote_active":false,"_exactmetrics_sitenote_note":"","_exactmetrics_sitenote_category":0,"footnotes":""},"categories":[58],"tags":[],"class_list":["post-2010","post","type-post","status-publish","format-standard","has-post-thumbnail","hentry","category-brevets-fr"],"_links":{"self":[{"href":"https:\/\/macrae.ca\/fr\/wp-json\/wp\/v2\/posts\/2010\/"}],"collection":[{"href":"https:\/\/macrae.ca\/fr\/wp-json\/wp\/v2\/posts\/"}],"about":[{"href":"https:\/\/macrae.ca\/fr\/wp-json\/wp\/v2\/types\/post\/"}],"author":[{"embeddable":true,"href":"https:\/\/macrae.ca\/fr\/wp-json\/wp\/v2\/users\/1\/"}],"replies":[{"embeddable":true,"href":"https:\/\/macrae.ca\/fr\/wp-json\/wp\/v2\/comments\/?post=2010"}],"version-history":[{"count":4,"href":"https:\/\/macrae.ca\/fr\/wp-json\/wp\/v2\/posts\/2010\/revisions\/"}],"predecessor-version":[{"id":2121,"href":"https:\/\/macrae.ca\/fr\/wp-json\/wp\/v2\/posts\/2010\/revisions\/2121\/"}],"wp:featuredmedia":[{"embeddable":true,"href":"https:\/\/macrae.ca\/fr\/wp-json\/wp\/v2\/media\/2119\/"}],"wp:attachment":[{"href":"https:\/\/macrae.ca\/fr\/wp-json\/wp\/v2\/media\/?parent=2010"}],"wp:term":[{"taxonomy":"category","embeddable":true,"href":"https:\/\/macrae.ca\/fr\/wp-json\/wp\/v2\/categories\/?post=2010"},{"taxonomy":"post_tag","embeddable":true,"href":"https:\/\/macrae.ca\/fr\/wp-json\/wp\/v2\/tags\/?post=2010"}],"curies":[{"name":"wp","href":"https:\/\/api.w.org\/{rel}","templated":true}]}}