{"id":2008,"date":"2018-08-06T11:58:46","date_gmt":"2018-08-06T11:58:46","guid":{"rendered":"https:\/\/macrae.ca\/2018\/08\/06\/dessins-industriels\/"},"modified":"2018-11-22T23:58:13","modified_gmt":"2018-11-22T23:58:13","slug":"dessins-industriels","status":"publish","type":"post","link":"https:\/\/macrae.ca\/fr\/2018\/08\/06\/dessins-industriels\/","title":{"rendered":"Dessins industriels"},"content":{"rendered":"<div class=\"fusion-fullwidth fullwidth-box fusion-builder-row-1 nonhundred-percent-fullwidth non-hundred-percent-height-scrolling\" style=\"--awb-border-radius-top-left:0px;--awb-border-radius-top-right:0px;--awb-border-radius-bottom-right:0px;--awb-border-radius-bottom-left:0px;--awb-flex-wrap:wrap;\" ><div class=\"fusion-builder-row fusion-row\"><div class=\"fusion-layout-column fusion_builder_column fusion-builder-column-0 fusion_builder_column_1_1 1_1 fusion-one-full fusion-column-first fusion-column-last\" style=\"--awb-bg-size:cover;\"><div class=\"fusion-column-wrapper fusion-flex-column-wrapper-legacy\"><div class=\"fusion-text fusion-text-1\"><h2>Mises \u00e0 jour de la loi et des r\u00e8gles sur les dessins industriels<\/h2>\n<p>\u00c0 l&rsquo;instar des mises \u00e0 jour des marques de commerce, le gouvernement canadien a travaill\u00e9 \u00e0 la mise \u00e0 jour de la Loi et des r\u00e8gles sur les dessins industriels. Ces mises \u00e0 jour devraient \u00e9galement \u00eatre mises en \u0153uvre en 2019 et la date exacte de mise en \u0153uvre est inconnue. Plus de d\u00e9tails suivront.<\/p>\n<\/div><div class=\"fusion-clearfix\"><\/div><\/div><\/div><\/div><\/div>\n","protected":false},"excerpt":{"rendered":"","protected":false},"author":1,"featured_media":2123,"comment_status":"open","ping_status":"open","sticky":false,"template":"","format":"standard","meta":{"_exactmetrics_skip_tracking":false,"_exactmetrics_sitenote_active":false,"_exactmetrics_sitenote_note":"","_exactmetrics_sitenote_category":0,"footnotes":""},"categories":[57],"tags":[],"class_list":["post-2008","post","type-post","status-publish","format-standard","has-post-thumbnail","hentry","category-dessins-industriels-fr"],"_links":{"self":[{"href":"https:\/\/macrae.ca\/fr\/wp-json\/wp\/v2\/posts\/2008\/"}],"collection":[{"href":"https:\/\/macrae.ca\/fr\/wp-json\/wp\/v2\/posts\/"}],"about":[{"href":"https:\/\/macrae.ca\/fr\/wp-json\/wp\/v2\/types\/post\/"}],"author":[{"embeddable":true,"href":"https:\/\/macrae.ca\/fr\/wp-json\/wp\/v2\/users\/1\/"}],"replies":[{"embeddable":true,"href":"https:\/\/macrae.ca\/fr\/wp-json\/wp\/v2\/comments\/?post=2008"}],"version-history":[{"count":3,"href":"https:\/\/macrae.ca\/fr\/wp-json\/wp\/v2\/posts\/2008\/revisions\/"}],"predecessor-version":[{"id":2015,"href":"https:\/\/macrae.ca\/fr\/wp-json\/wp\/v2\/posts\/2008\/revisions\/2015\/"}],"wp:featuredmedia":[{"embeddable":true,"href":"https:\/\/macrae.ca\/fr\/wp-json\/wp\/v2\/media\/2123\/"}],"wp:attachment":[{"href":"https:\/\/macrae.ca\/fr\/wp-json\/wp\/v2\/media\/?parent=2008"}],"wp:term":[{"taxonomy":"category","embeddable":true,"href":"https:\/\/macrae.ca\/fr\/wp-json\/wp\/v2\/categories\/?post=2008"},{"taxonomy":"post_tag","embeddable":true,"href":"https:\/\/macrae.ca\/fr\/wp-json\/wp\/v2\/tags\/?post=2008"}],"curies":[{"name":"wp","href":"https:\/\/api.w.org\/{rel}","templated":true}]}}